{"id":461,"date":"2018-05-02T17:39:38","date_gmt":"2018-05-02T15:39:38","guid":{"rendered":"https:\/\/www.tauriska.at\/kohr\/?p=461"},"modified":"2023-09-27T10:38:14","modified_gmt":"2023-09-27T08:38:14","slug":"philosophie","status":"publish","type":"post","link":"https:\/\/www.tauriska.at\/kohr\/philosophie\/","title":{"rendered":"Philosophie"},"content":{"rendered":"\n<h4 class=\"wp-block-heading\"><strong>Einblick in Leopold Kohrs Philosophie<\/strong><\/h4>\n\n\n\n<figure class=\"wp-block-embed is-type-video is-provider-youtube wp-block-embed-youtube wp-embed-aspect-16-9 wp-has-aspect-ratio\"><div class=\"wp-block-embed__wrapper\">\n<iframe loading=\"lazy\" title=\"Philosophische Erinnerung: 18 Jahre nach dem Tod von Leopold Kohr\" width=\"640\" height=\"360\" src=\"https:\/\/www.youtube.com\/embed\/npts9uj1i0Y?feature=oembed\" frameborder=\"0\" allow=\"accelerometer; autoplay; clipboard-write; encrypted-media; gyroscope; picture-in-picture; web-share\" referrerpolicy=\"strict-origin-when-cross-origin\" allowfullscreen><\/iframe>\n<\/div><figcaption class=\"wp-element-caption\">Interview mit Leopold Kohr gef\u00fchrt von Ferdinand Wegscheider (1991), JedermannTV.<\/figcaption><\/figure>\n\n\n\n<div style=\"height:20px\" aria-hidden=\"true\" class=\"wp-block-spacer\"><\/div>\n\n\n<blockquote style=\"-webkit-user-select: auto;\">\n<p style=\"-webkit-user-select: auto;\"><strong style=\"-webkit-user-select: auto;\">&#8222;Wo immer etwas fehlerhaft ist, ist es zu gro\u00df&#8220;<\/strong><\/p>\n<\/blockquote>\n<p style=\"-webkit-user-select: auto;\">Dieses Zitat des Philosophen und \u00d6konomen Leopold Kohr (1909 &#8211; 1994) charakterisiert sein Lebenswerk. Mehr als 50 Jahre lang vertrat er die Theorie: Kleine Einheiten in Politik, Wirtschaft und Kultur sind der Tendenz zu \u00fcberm\u00e4\u00dfiger Gr\u00f6\u00dfe und Vereinigung weit \u00fcberlegen. Er kritisierte zentrale B\u00fcrokratien, riesige Wirtschaftseinheiten wie die Europ\u00e4ische Union und predigte eine R\u00fcckkehr zu menschlichem Ma\u00df. Soziale, kulturelle, \u00f6konomische und \u00f6kologische Entwicklung von D\u00f6rfern und Regionen war eines seiner Hauptziele. Daf\u00fcr erhielt Kohr 1983 in Schweden den Alternativen Nobelpreis sowie 1989 das Goldene Ehrenzeichen der Republik \u00d6sterreich. Sein Engagement f\u00fcr die Region Salzburg brachte ihn auch ins Bergdorf Neukirchen am Gro\u00dfvenediger, wo eine Akademie nach ihm benannt wurde.<\/p>\n<p style=\"-webkit-user-select: auto;\">Er gilt als eigentlicher Sch\u00f6pfer des international bekannten Slogans <em style=\"-webkit-user-select: auto;\">&#8222;Small is beautiful&#8220;<\/em>. Kohr schrieb:<\/p>\n<blockquote style=\"-webkit-user-select: auto;\">\n<p style=\"-webkit-user-select: auto;\"><em style=\"-webkit-user-select: auto;\">&#8222;Da der Weg zur Gr\u00f6\u00dfe kein Ende hat, und da die Einheitsfanatiker kein Ding finden, das sich nicht noch vergr\u00f6\u00dfern lie\u00dfe, k\u00f6nnen sie nirgends landen. Au\u00dfer in der Irrenanstalt der Unendlichkeit.&#8220;<\/em><\/p>\n<\/blockquote>\n<p style=\"-webkit-user-select: auto;\"><strong style=\"-webkit-user-select: auto;\">Wer war Leopold Kohr?<\/strong><br style=\"-webkit-user-select: auto;\" \/>Leopold Kohr war Weltb\u00fcrger. Bereits als Student unternahm er Reisen durch ganz Europa. Als Reporter im Spanischen B\u00fcrgerkrieg berichtete er f\u00fcr \u00f6sterreichische und Schweizer Zeitungen. 1938 fl\u00fcchtete Kohr wegen seiner politischen Einstellung vor den Nationalsozialisten nach New York und arbeitete dann in einem Goldbergwerk in Kanada. Sein erster Job als Wissenschaftler f\u00fchrte ihn nach Washington. Danach erhielt Kohr einen Lehrstuhl an der Rutgers University in New Jersey. Sp\u00e4ter folgte eine Professur auf der Karibikinsel Puerto Rico. Au\u00dferdem lehrte er in Wales, wo er in Aberystwyth die walisische Unabh\u00e4ngigkeitsbewegung gegen die Zentralregierung in London unterst\u00fctzte.<\/p>\n<p style=\"-webkit-user-select: auto;\">Geboren wurde Leopold Kohr jedoch 1909 in der Salzburger Landgemeinde Oberndorf, wo er auch seine Kindheit verbrachte. Diese Eindr\u00fccke lie\u00dfen ihn trotz seiner Weltreisen nicht los. Gemeinsam mit Erfahrungen in anderen Regionen der Erde best\u00e4rkten sie ihn in der Entwicklung seiner Theorie der kleinen Einheiten.<\/p>\n<blockquote style=\"-webkit-user-select: auto;\">\n<p style=\"-webkit-user-select: auto;\"><em style=\"-webkit-user-select: auto;\">&#8222;Was nicht in Oberndorf passiert, das passiert nirgends auf der Welt. Denn Oberndorf ist \u00fcberall. Es gab dort Hochzeiten, Taufen, Firmungen, es gab Streit, sogar einen Mord, es wurde geschmuggelt &#8230; das S\u00fcndige und das Heilige geh\u00f6ren im Leben zusammen.&#8220;<\/em><\/p>\n<\/blockquote>\n\n\n<div style=\"height:40px\" aria-hidden=\"true\" class=\"wp-block-spacer\"><\/div>\n\n\n\n<pre class=\"wp-block-preformatted\"><a rel=\"noreferrer noopener\" href=\"\/download\/kohr\/Zitate_Kohr_gesamt.pdf\" target=\"_blank\"><strong>Zitate<\/strong><\/a> aus dem Gesamtwerk Kohrs:&nbsp;gesammelt und zugeordnet von Dr. G\u00fcnther Witzany<\/pre>\n\n\n\n<p><\/p>\n","protected":false},"excerpt":{"rendered":"<p>Einblick in Leopold Kohrs Philosophie &#8222;Wo immer etwas fehlerhaft ist, ist es zu gro\u00df&#8220; Dieses Zitat des Philosophen und \u00d6konomen Leopold Kohr (1909 &#8211; 1994) charakterisiert sein Lebenswerk. Mehr als [&hellip;]<\/p>\n","protected":false},"author":5,"featured_media":0,"comment_status":"closed","ping_status":"closed","sticky":false,"template":"","format":"standard","meta":{"footnotes":""},"categories":[91],"tags":[],"class_list":["post-461","post","type-post","status-publish","format-standard","hentry","category-leopoldkohr"],"_links":{"self":[{"href":"https:\/\/www.tauriska.at\/kohr\/wp-json\/wp\/v2\/posts\/461"}],"collection":[{"href":"https:\/\/www.tauriska.at\/kohr\/wp-json\/wp\/v2\/posts"}],"about":[{"href":"https:\/\/www.tauriska.at\/kohr\/wp-json\/wp\/v2\/types\/post"}],"author":[{"embeddable":true,"href":"https:\/\/www.tauriska.at\/kohr\/wp-json\/wp\/v2\/users\/5"}],"replies":[{"embeddable":true,"href":"https:\/\/www.tauriska.at\/kohr\/wp-json\/wp\/v2\/comments?post=461"}],"version-history":[{"count":17,"href":"https:\/\/www.tauriska.at\/kohr\/wp-json\/wp\/v2\/posts\/461\/revisions"}],"predecessor-version":[{"id":2635,"href":"https:\/\/www.tauriska.at\/kohr\/wp-json\/wp\/v2\/posts\/461\/revisions\/2635"}],"wp:attachment":[{"href":"https:\/\/www.tauriska.at\/kohr\/wp-json\/wp\/v2\/media?parent=461"}],"wp:term":[{"taxonomy":"category","embeddable":true,"href":"https:\/\/www.tauriska.at\/kohr\/wp-json\/wp\/v2\/categories?post=461"},{"taxonomy":"post_tag","embeddable":true,"href":"https:\/\/www.tauriska.at\/kohr\/wp-json\/wp\/v2\/tags?post=461"}],"curies":[{"name":"wp","href":"https:\/\/api.w.org\/{rel}","templated":true}]}}